{"id":1,"date":"2016-09-01T16:46:14","date_gmt":"2016-09-01T16:46:14","guid":{"rendered":"http:\/\/www.anceathrupoili.com\/?p=1"},"modified":"2026-02-04T09:29:17","modified_gmt":"2026-02-04T09:29:17","slug":"hello-world","status":"publish","type":"post","link":"https:\/\/www.anceathrupoili.com\/ga\/hello-world\/","title":{"rendered":"Belfast International Arts Festival"},"content":{"rendered":"<\/p>\n<p class=\"p1\"><strong>Ceiliuradh ar Leabhar na hAthghabh\u00e1la i gCult\u00farlann McAdam \u00d3 Fiaich<\/strong><br \/>\n<strong>16 Deireadh F\u00f3mhair 2016, 6 i.n.<\/strong><\/p>\n<p class=\"p1\"><span class=\"s1\">D\u00e9anfar ceiliuradh an trathn\u00f3na seo ar fhoilsi\u00fa leabhar thabhachtach fil\u00edochta, Leabhar na hAthghabh\u00e1la\/Poems of Repossession, foilsithe ag Cl\u00f3 Iar Chonnacht\/Bloodaxe Books. <\/span><\/p>\n<p class=\"p1\"><span class=\"s1\">Is \u00e9 seo an chead duanaire chuimsitheach chritici\u00fal de nua fhil\u00edocht na Gaeilge le h-aistri\u00fach\u00e1\u00edn Bh\u00e9arla. Is \u00e9 an freagra ar dhuanaire cheannr\u00f3dach She\u00e1in<span class=\"Apple-converted-space\">\u00a0 <\/span>U\u00ed Thuama agus Thomas Kinsella, An Duanaire 1600-1900\/Poems of the Dispossessed (1981).<\/span><\/p>\n<p class=\"p1\"><span class=\"s1\">Louis de Paor a chur an saothar in eagar agus cuireann an leabhar san \u00e1\u00edreamh r\u00e9imse fil\u00edochta \u00f3 thr\u00e9imhse na h-athbheochana<span class=\"Apple-converted-space\">\u00a0 <\/span>go dt\u00ed r\u00e9 an lae inniu le d\u00e1nta \u00f3 leith\u00e9id\u00ed P\u00e1draig Mac Piarais, Colm Breathnach agus M\u00edche\u00e1l \u00d3 Cuaig. Beidh Gear\u00f3id Mac Lochlainn agus \u00c1ine N\u00ed Ghlinn i measc ceithre fhile a bheidh ag l\u00e9amh ar an o\u00edche.<\/span><\/p>\n<p class=\"p1\"><span class=\"s1\"><em>Buail isteach chugainn in An Ceathr\u00fa P\u00f3il\u00ed le greim a fh\u00e1il ar do ch\u00f3ip f\u00e9in den leabhar! \ud83d\ude42<\/em><br \/>\n<\/span><\/p>\n<p><\/p>","protected":false},"excerpt":{"rendered":"","protected":false},"author":1,"featured_media":4085,"comment_status":"closed","ping_status":"closed","sticky":false,"template":"","format":"standard","meta":{"_acf_changed":false,"_relevanssi_hide_post":"","_relevanssi_hide_content":"","_relevanssi_pin_for_all":"","_relevanssi_pin_keywords":"","_relevanssi_unpin_keywords":"","_relevanssi_related_keywords":"","_relevanssi_related_include_ids":"","_relevanssi_related_exclude_ids":"","_relevanssi_related_no_append":"","_relevanssi_related_not_related":"","_relevanssi_related_posts":"","_relevanssi_noindex_reason":"","footnotes":""},"categories":[97],"tags":[],"class_list":["post-1","post","type-post","status-publish","format-standard","has-post-thumbnail","hentry","category-news"],"acf":[],"yoast_head":"<!-- This site is optimized with the Yoast SEO plugin v27.4 - https:\/\/yoast.com\/product\/yoast-seo-wordpress\/ -->\n<title>Belfast International Arts Festival - An Ceathr\u00fa P\u00f3il\u00ed<\/title>\n<meta name=\"robots\" content=\"index, follow, max-snippet:-1, max-image-preview:large, max-video-preview:-1\" \/>\n<link rel=\"canonical\" href=\"https:\/\/www.anceathrupoili.com\/ga\/hello-world\/\" \/>\n<meta property=\"og:locale\" content=\"ga_IE\" \/>\n<meta property=\"og:type\" content=\"article\" \/>\n<meta property=\"og:title\" content=\"Belfast International Arts Festival - An Ceathr\u00fa P\u00f3il\u00ed\" \/>\n<meta property=\"og:url\" content=\"https:\/\/www.anceathrupoili.com\/ga\/hello-world\/\" \/>\n<meta property=\"og:site_name\" content=\"An Ceathr\u00fa P\u00f3il\u00ed\" \/>\n<meta property=\"article:published_time\" content=\"2016-09-01T16:46:14+00:00\" \/>\n<meta property=\"article:modified_time\" content=\"2026-02-04T09:29:17+00:00\" \/>\n<meta property=\"og:image\" content=\"https:\/\/www.anceathrupoili.com\/wp-content\/uploads\/2024\/02\/24668.jpg\" \/>\n\t<meta property=\"og:image:width\" content=\"778\" \/>\n\t<meta property=\"og:image:height\" content=\"1216\" \/>\n\t<meta property=\"og:image:type\" content=\"image\/jpeg\" \/>\n<meta name=\"author\" content=\"Robbi\" \/>\n<meta name=\"twitter:card\" content=\"summary_large_image\" \/>\n<meta name=\"twitter:label1\" content=\"Written by\" \/>\n\t<meta name=\"twitter:data1\" content=\"Robbi\" \/>\n\t<meta name=\"twitter:label2\" content=\"Est. reading time\" \/>\n\t<meta name=\"twitter:data2\" content=\"2 minutes\" \/>\n<script type=\"application\/ld+json\" class=\"yoast-schema-graph\">{\"@context\":\"https:\\\/\\\/schema.org\",\"@graph\":[{\"@type\":\"Article\",\"@id\":\"https:\\\/\\\/www.anceathrupoili.com\\\/hello-world\\\/#article\",\"isPartOf\":{\"@id\":\"https:\\\/\\\/www.anceathrupoili.com\\\/hello-world\\\/\"},\"author\":{\"name\":\"Robbi\",\"@id\":\"https:\\\/\\\/www.anceathrupoili.com\\\/#\\\/schema\\\/person\\\/a374895d1fc62ec252e38b3e254d7a7d\"},\"headline\":\"Belfast International Arts Festival\",\"datePublished\":\"2016-09-01T16:46:14+00:00\",\"dateModified\":\"2026-02-04T09:29:17+00:00\",\"mainEntityOfPage\":{\"@id\":\"https:\\\/\\\/www.anceathrupoili.com\\\/hello-world\\\/\"},\"wordCount\":389,\"publisher\":{\"@id\":\"https:\\\/\\\/www.anceathrupoili.com\\\/#organization\"},\"image\":{\"@id\":\"https:\\\/\\\/www.anceathrupoili.com\\\/hello-world\\\/#primaryimage\"},\"thumbnailUrl\":\"https:\\\/\\\/www.anceathrupoili.com\\\/wp-content\\\/uploads\\\/2024\\\/02\\\/24668.jpg\",\"articleSection\":[\"News\"],\"inLanguage\":\"ga-IE\"},{\"@type\":\"WebPage\",\"@id\":\"https:\\\/\\\/www.anceathrupoili.com\\\/hello-world\\\/\",\"url\":\"https:\\\/\\\/www.anceathrupoili.com\\\/hello-world\\\/\",\"name\":\"Belfast International Arts Festival - An Ceathr\u00fa P\u00f3il\u00ed\",\"isPartOf\":{\"@id\":\"https:\\\/\\\/www.anceathrupoili.com\\\/#website\"},\"primaryImageOfPage\":{\"@id\":\"https:\\\/\\\/www.anceathrupoili.com\\\/hello-world\\\/#primaryimage\"},\"image\":{\"@id\":\"https:\\\/\\\/www.anceathrupoili.com\\\/hello-world\\\/#primaryimage\"},\"thumbnailUrl\":\"https:\\\/\\\/www.anceathrupoili.com\\\/wp-content\\\/uploads\\\/2024\\\/02\\\/24668.jpg\",\"datePublished\":\"2016-09-01T16:46:14+00:00\",\"dateModified\":\"2026-02-04T09:29:17+00:00\",\"breadcrumb\":{\"@id\":\"https:\\\/\\\/www.anceathrupoili.com\\\/hello-world\\\/#breadcrumb\"},\"inLanguage\":\"ga-IE\",\"potentialAction\":[{\"@type\":\"ReadAction\",\"target\":[\"https:\\\/\\\/www.anceathrupoili.com\\\/hello-world\\\/\"]}]},{\"@type\":\"ImageObject\",\"inLanguage\":\"ga-IE\",\"@id\":\"https:\\\/\\\/www.anceathrupoili.com\\\/hello-world\\\/#primaryimage\",\"url\":\"https:\\\/\\\/www.anceathrupoili.com\\\/wp-content\\\/uploads\\\/2024\\\/02\\\/24668.jpg\",\"contentUrl\":\"https:\\\/\\\/www.anceathrupoili.com\\\/wp-content\\\/uploads\\\/2024\\\/02\\\/24668.jpg\",\"width\":778,\"height\":1216},{\"@type\":\"BreadcrumbList\",\"@id\":\"https:\\\/\\\/www.anceathrupoili.com\\\/hello-world\\\/#breadcrumb\",\"itemListElement\":[{\"@type\":\"ListItem\",\"position\":1,\"name\":\"Home\",\"item\":\"https:\\\/\\\/www.anceathrupoili.com\\\/\"},{\"@type\":\"ListItem\",\"position\":2,\"name\":\"Belfast International Arts Festival\"}]},{\"@type\":\"WebSite\",\"@id\":\"https:\\\/\\\/www.anceathrupoili.com\\\/#website\",\"url\":\"https:\\\/\\\/www.anceathrupoili.com\\\/\",\"name\":\"An Ceathr\u00fa P\u00f3il\u00ed\",\"description\":\"Belfast&#039;s Irish Language Bookshop\",\"publisher\":{\"@id\":\"https:\\\/\\\/www.anceathrupoili.com\\\/#organization\"},\"potentialAction\":[{\"@type\":\"SearchAction\",\"target\":{\"@type\":\"EntryPoint\",\"urlTemplate\":\"https:\\\/\\\/www.anceathrupoili.com\\\/?s={search_term_string}\"},\"query-input\":{\"@type\":\"PropertyValueSpecification\",\"valueRequired\":true,\"valueName\":\"search_term_string\"}}],\"inLanguage\":\"ga-IE\"},{\"@type\":\"Organization\",\"@id\":\"https:\\\/\\\/www.anceathrupoili.com\\\/#organization\",\"name\":\"An Ceathr\u00fa P\u00f3il\u00ed\",\"url\":\"https:\\\/\\\/www.anceathrupoili.com\\\/\",\"logo\":{\"@type\":\"ImageObject\",\"inLanguage\":\"ga-IE\",\"@id\":\"https:\\\/\\\/www.anceathrupoili.com\\\/#\\\/schema\\\/logo\\\/image\\\/\",\"url\":\"https:\\\/\\\/www.anceathrupoili.com\\\/wp-content\\\/uploads\\\/2024\\\/03\\\/Books-logo-names-01.svg\",\"contentUrl\":\"https:\\\/\\\/www.anceathrupoili.com\\\/wp-content\\\/uploads\\\/2024\\\/03\\\/Books-logo-names-01.svg\",\"width\":1,\"height\":1,\"caption\":\"An Ceathr\u00fa P\u00f3il\u00ed\"},\"image\":{\"@id\":\"https:\\\/\\\/www.anceathrupoili.com\\\/#\\\/schema\\\/logo\\\/image\\\/\"}},{\"@type\":\"Person\",\"@id\":\"https:\\\/\\\/www.anceathrupoili.com\\\/#\\\/schema\\\/person\\\/a374895d1fc62ec252e38b3e254d7a7d\",\"name\":\"Robbi\",\"image\":{\"@type\":\"ImageObject\",\"inLanguage\":\"ga-IE\",\"@id\":\"https:\\\/\\\/secure.gravatar.com\\\/avatar\\\/f195f52dc6198cda1da2aca3c3e31dd09ea3e6f62c50b260c12c9269fadb9677?s=96&d=mm&r=g\",\"url\":\"https:\\\/\\\/secure.gravatar.com\\\/avatar\\\/f195f52dc6198cda1da2aca3c3e31dd09ea3e6f62c50b260c12c9269fadb9677?s=96&d=mm&r=g\",\"contentUrl\":\"https:\\\/\\\/secure.gravatar.com\\\/avatar\\\/f195f52dc6198cda1da2aca3c3e31dd09ea3e6f62c50b260c12c9269fadb9677?s=96&d=mm&r=g\",\"caption\":\"Robbi\"},\"sameAs\":[\"http:\\\/\\\/www.anceathrupoili.com\"],\"url\":\"https:\\\/\\\/www.anceathrupoili.com\\\/ga\\\/author\\\/robbi\\\/\"}]}<\/script>\n<!-- \/ Yoast SEO plugin. -->","yoast_head_json":{"title":"Belfast International Arts Festival - An Ceathr\u00fa P\u00f3il\u00ed","robots":{"index":"index","follow":"follow","max-snippet":"max-snippet:-1","max-image-preview":"max-image-preview:large","max-video-preview":"max-video-preview:-1"},"canonical":"https:\/\/www.anceathrupoili.com\/ga\/hello-world\/","og_locale":"ga_IE","og_type":"article","og_title":"Belfast International Arts Festival - An Ceathr\u00fa P\u00f3il\u00ed","og_url":"https:\/\/www.anceathrupoili.com\/ga\/hello-world\/","og_site_name":"An Ceathr\u00fa P\u00f3il\u00ed","article_published_time":"2016-09-01T16:46:14+00:00","article_modified_time":"2026-02-04T09:29:17+00:00","og_image":[{"width":778,"height":1216,"url":"https:\/\/www.anceathrupoili.com\/wp-content\/uploads\/2024\/02\/24668.jpg","type":"image\/jpeg"}],"author":"Robbi","twitter_card":"summary_large_image","twitter_misc":{"Written by":"Robbi","Est. reading time":"2 minutes"},"schema":{"@context":"https:\/\/schema.org","@graph":[{"@type":"Article","@id":"https:\/\/www.anceathrupoili.com\/hello-world\/#article","isPartOf":{"@id":"https:\/\/www.anceathrupoili.com\/hello-world\/"},"author":{"name":"Robbi","@id":"https:\/\/www.anceathrupoili.com\/#\/schema\/person\/a374895d1fc62ec252e38b3e254d7a7d"},"headline":"Belfast International Arts Festival","datePublished":"2016-09-01T16:46:14+00:00","dateModified":"2026-02-04T09:29:17+00:00","mainEntityOfPage":{"@id":"https:\/\/www.anceathrupoili.com\/hello-world\/"},"wordCount":389,"publisher":{"@id":"https:\/\/www.anceathrupoili.com\/#organization"},"image":{"@id":"https:\/\/www.anceathrupoili.com\/hello-world\/#primaryimage"},"thumbnailUrl":"https:\/\/www.anceathrupoili.com\/wp-content\/uploads\/2024\/02\/24668.jpg","articleSection":["News"],"inLanguage":"ga-IE"},{"@type":"WebPage","@id":"https:\/\/www.anceathrupoili.com\/hello-world\/","url":"https:\/\/www.anceathrupoili.com\/hello-world\/","name":"Belfast International Arts Festival - An Ceathr\u00fa P\u00f3il\u00ed","isPartOf":{"@id":"https:\/\/www.anceathrupoili.com\/#website"},"primaryImageOfPage":{"@id":"https:\/\/www.anceathrupoili.com\/hello-world\/#primaryimage"},"image":{"@id":"https:\/\/www.anceathrupoili.com\/hello-world\/#primaryimage"},"thumbnailUrl":"https:\/\/www.anceathrupoili.com\/wp-content\/uploads\/2024\/02\/24668.jpg","datePublished":"2016-09-01T16:46:14+00:00","dateModified":"2026-02-04T09:29:17+00:00","breadcrumb":{"@id":"https:\/\/www.anceathrupoili.com\/hello-world\/#breadcrumb"},"inLanguage":"ga-IE","potentialAction":[{"@type":"ReadAction","target":["https:\/\/www.anceathrupoili.com\/hello-world\/"]}]},{"@type":"ImageObject","inLanguage":"ga-IE","@id":"https:\/\/www.anceathrupoili.com\/hello-world\/#primaryimage","url":"https:\/\/www.anceathrupoili.com\/wp-content\/uploads\/2024\/02\/24668.jpg","contentUrl":"https:\/\/www.anceathrupoili.com\/wp-content\/uploads\/2024\/02\/24668.jpg","width":778,"height":1216},{"@type":"BreadcrumbList","@id":"https:\/\/www.anceathrupoili.com\/hello-world\/#breadcrumb","itemListElement":[{"@type":"ListItem","position":1,"name":"Home","item":"https:\/\/www.anceathrupoili.com\/"},{"@type":"ListItem","position":2,"name":"Belfast International Arts Festival"}]},{"@type":"WebSite","@id":"https:\/\/www.anceathrupoili.com\/#website","url":"https:\/\/www.anceathrupoili.com\/","name":"An Ceathr\u00fa P\u00f3il\u00ed","description":"Belfast&#039;s Irish Language Bookshop","publisher":{"@id":"https:\/\/www.anceathrupoili.com\/#organization"},"potentialAction":[{"@type":"SearchAction","target":{"@type":"EntryPoint","urlTemplate":"https:\/\/www.anceathrupoili.com\/?s={search_term_string}"},"query-input":{"@type":"PropertyValueSpecification","valueRequired":true,"valueName":"search_term_string"}}],"inLanguage":"ga-IE"},{"@type":"Organization","@id":"https:\/\/www.anceathrupoili.com\/#organization","name":"An Ceathr\u00fa P\u00f3il\u00ed","url":"https:\/\/www.anceathrupoili.com\/","logo":{"@type":"ImageObject","inLanguage":"ga-IE","@id":"https:\/\/www.anceathrupoili.com\/#\/schema\/logo\/image\/","url":"https:\/\/www.anceathrupoili.com\/wp-content\/uploads\/2024\/03\/Books-logo-names-01.svg","contentUrl":"https:\/\/www.anceathrupoili.com\/wp-content\/uploads\/2024\/03\/Books-logo-names-01.svg","width":1,"height":1,"caption":"An Ceathr\u00fa P\u00f3il\u00ed"},"image":{"@id":"https:\/\/www.anceathrupoili.com\/#\/schema\/logo\/image\/"}},{"@type":"Person","@id":"https:\/\/www.anceathrupoili.com\/#\/schema\/person\/a374895d1fc62ec252e38b3e254d7a7d","name":"Robbi","image":{"@type":"ImageObject","inLanguage":"ga-IE","@id":"https:\/\/secure.gravatar.com\/avatar\/f195f52dc6198cda1da2aca3c3e31dd09ea3e6f62c50b260c12c9269fadb9677?s=96&d=mm&r=g","url":"https:\/\/secure.gravatar.com\/avatar\/f195f52dc6198cda1da2aca3c3e31dd09ea3e6f62c50b260c12c9269fadb9677?s=96&d=mm&r=g","contentUrl":"https:\/\/secure.gravatar.com\/avatar\/f195f52dc6198cda1da2aca3c3e31dd09ea3e6f62c50b260c12c9269fadb9677?s=96&d=mm&r=g","caption":"Robbi"},"sameAs":["http:\/\/www.anceathrupoili.com"],"url":"https:\/\/www.anceathrupoili.com\/ga\/author\/robbi\/"}]}},"_links":{"self":[{"href":"https:\/\/www.anceathrupoili.com\/ga\/wp-json\/wp\/v2\/posts\/1","targetHints":{"allow":["GET"]}}],"collection":[{"href":"https:\/\/www.anceathrupoili.com\/ga\/wp-json\/wp\/v2\/posts"}],"about":[{"href":"https:\/\/www.anceathrupoili.com\/ga\/wp-json\/wp\/v2\/types\/post"}],"author":[{"embeddable":true,"href":"https:\/\/www.anceathrupoili.com\/ga\/wp-json\/wp\/v2\/users\/1"}],"replies":[{"embeddable":true,"href":"https:\/\/www.anceathrupoili.com\/ga\/wp-json\/wp\/v2\/comments?post=1"}],"version-history":[{"count":1,"href":"https:\/\/www.anceathrupoili.com\/ga\/wp-json\/wp\/v2\/posts\/1\/revisions"}],"predecessor-version":[{"id":44640,"href":"https:\/\/www.anceathrupoili.com\/ga\/wp-json\/wp\/v2\/posts\/1\/revisions\/44640"}],"wp:featuredmedia":[{"embeddable":true,"href":"https:\/\/www.anceathrupoili.com\/ga\/wp-json\/wp\/v2\/media\/4085"}],"wp:attachment":[{"href":"https:\/\/www.anceathrupoili.com\/ga\/wp-json\/wp\/v2\/media?parent=1"}],"wp:term":[{"taxonomy":"category","embeddable":true,"href":"https:\/\/www.anceathrupoili.com\/ga\/wp-json\/wp\/v2\/categories?post=1"},{"taxonomy":"post_tag","embeddable":true,"href":"https:\/\/www.anceathrupoili.com\/ga\/wp-json\/wp\/v2\/tags?post=1"}],"curies":[{"name":"wp","href":"https:\/\/api.w.org\/{rel}","templated":true}]}}