{"id":21528,"date":"2017-03-10T14:45:13","date_gmt":"2017-03-10T14:45:13","guid":{"rendered":"http:\/\/www.anceathrupoili.com\/?p=4721"},"modified":"2026-02-04T09:29:16","modified_gmt":"2026-02-04T09:29:16","slug":"music-month","status":"publish","type":"post","link":"https:\/\/www.anceathrupoili.com\/ga\/music-month\/","title":{"rendered":"Music Month at An Ceathr\u00fa P\u00f3il\u00ed \u2013 the albums."},"content":{"rendered":"<\/p>\n<h3>Anois teacht an Earraigh beidh \u2019n l\u00e1 \u2018dul chun s\u00edneadh&#8230;<\/h3>\n<p>Agus an tEarrach linn sa deireadh thiar thall t\u00e1 muid ag iarraidh roinnt dluthdhiosca\u00ed ceoil a roinnt libh.<\/p>\n<h4><a href=\"http:\/\/www.anceathrupoili.com\/ga\/shop\/sona-do-cheird\/\">Sona do Cheird &#8211; Doimnic Mac Giolla Bhr\u00edde<\/a><\/h4>\n<p>Conallach \u00f3 dh\u00fachas, is duine de bhuaiteoir\u00ed Chorn U\u00ed Riada \u00e9 Doimnic at\u00e1 i mbun Ch\u00f3r Thaobh a\u2019 Leithid agus Ch\u00f3r Loch Lao. Is \u00e9 seo an tr\u00ed\u00fa halbam aonair at\u00e1 eisithe aige, chomh maith le ceirn\u00edn\u00ed i gcomhar le Griogair Labhruidh agus C\u00f3r Thaobh a\u2019 Leithid. T\u00e1 cnuasach amhr\u00e1n do ph\u00e1ist\u00ed, \u00cdc\u00ed P\u00edc\u00ed, foilsithe aige fosta.<\/p>\n<p>Ar Sona do Cheird, chum Doimnic foinn \u00fara d\u2019amhr\u00e1in \u00f3n mh\u00f3r-chnuasach Dh\u00e1 Ch\u00e9ad de Cheoltaibh Uladh, cuid acu n\u00e1r taifeadadh riamh.<\/p>\n<h4><a href=\"http:\/\/www.anceathrupoili.com\/ga\/shop\/gaelre-cd\/\">Gaelr\u00e9 &#8211; Gr\u00e1inne Holland<\/a><\/h4>\n<p>T\u00e1 Gr\u00e1inne Holland ina sarcheolt\u00f3ir traidisi\u00fanta. Is \u00e9 Gaelr\u00e9 an dara halbam at\u00e1 taifeadta aici agus \u00e9 eisithe ag Gael Linn.<\/p>\n<p>T\u00e1 leagan de \u2018Aird\u00ed Cuan\u2019 nach bhfuil taifeadta mar amhr\u00e1n ach ag Gr\u00e1inne, i nGaeilge Ghlinnte Aontroma \u00f3 Bhaili\u00fach\u00e1n Doegen, chomh maith le hamhr\u00e1in a chuala s\u00ed agus \u00ed ag f\u00e1s an\u00edos i mB\u00e9al Feirste \u2013 \u2018S\u00edos an Sliabh\u2019 de chuid Albert Fry agus \u2018Sl\u00f3ite na bhFiann\u2019, arna aistri\u00fa go Gaeilge ag S\u00e9amus \u00d3 Grianna.<\/p>\n<h4><a href=\"http:\/\/www.anceathrupoili.com\/ga\/shop\/seven-suns-cd\/\">The Seven Suns &#8211; John McSherry<\/a><\/h4>\n<p>As iarthar Bh\u00e9al Feirste John, duine de bhunaitheoir\u00ed L\u00fanasa, At First Light agus Coolfin at\u00e1 aitheanta mar dhuine de na p\u00edobair\u00ed uilleann is gn\u00edomha\u00ed sa l\u00e1 at\u00e1 inniu ann. Is turas The Seven Suns ar \u00e1iteanna \u00e9agsula thart ar an domhan a bhfuil ceangal acu le h\u00c9irinn, na Ceiltigh agus ceol t\u00edre \u00e1r n-oile\u00e1in.<\/p>\n<p>Ghlac John inspior\u00e1id ar leith \u00f3 snoite\u00e1in chloiche Dhubhadh agus na Seacht nGrian at\u00e1 le feice\u00e1il ansin. T\u00e1 an mh\u00f3rchuid den cheol nuachumtha ag John agus t\u00e1 c\u00fapla p\u00edosa traidisi\u00fanta ann fosta.<\/p>\n<h4><a href=\"http:\/\/www.anceathrupoili.com\/ga\/shop\/ailleacht-beauty-cd\/\">\u00c1illeacht &#8211; P\u00e1draig\u00edn N\u00ed Uallach\u00e1in<\/a><\/h4>\n<p>Cnuasach d\u2019amhr\u00e1in nua-scr\u00edofa ag P\u00e1draig\u00edn N\u00ed Uallach\u00e1in, ceolt\u00f3ir agus ceolscr\u00edbhneoir Ultach, at\u00e1 in \u00c1illeacht. Taifeadta i dTeileann, d\u00edr\u00edonn na hamhr\u00e1in ar an ghr\u00e1. Chomh maith le hamhr\u00e1in Ph\u00e1draig\u00edn, t\u00e1 \u2018Cruit Dhubhr\u00f3is\u2019, scr\u00edofa ag an fhile iomr\u00e1iteach Biddy Jenkinson.<\/p>\n<p>L\u00e9irithe ag Steve Cooney agus Palle Mikkelborg \u00f3n Danmhairg, t\u00e1 slua bre\u00e1 ceolt\u00f3ir\u00ed le cluinstin ar \u00c1illeacht, Iarla \u00d3 Lion\u00e1ird, Laoise Kelly, Odhr\u00e1n \u00d3 Casaide, Helen Davies, Mikkel Nords\u00f8, agus Brian Dunning ina measc.<\/p>\n<h4><a href=\"http:\/\/www.anceathrupoili.com\/ga\/shop\/lasairfhiona-one-penny-portion\/\">One Penny Portion &#8211; Lasairfh\u00edona<\/a><\/h4>\n<p>Deich mbliana \u00f3 eis\u00edodh \u2018Flame of Wine\u2019 agus c\u00faig bliana d\u00e9ag \u00f3 sheoladh \u2018An Raic\u00edn \u00c1lainn\u2019, t\u00e1 \u00e1thas orainn, sa deireadh thiar thall, One Penny Portion a chluinstin. \u00d3 Inis O\u00edrr \u00f3 dh\u00fachas di, is ceirn\u00edn s\u00e9imh \u00e9 seo, agus \u00e9 l\u00e9irithe ar\u00eds ag an fhidl\u00e9ir agus cumad\u00f3ir M\u00e1ire Breathnach.<\/p>\n<p>Chomh maith leis na hamhr\u00e1in mh\u00f3ra \u2018\u00c9amonn an Chnoic\u2019 agus \u2018An Chuilfhionn\u2019, t\u00e1 amhr\u00e1in neamhchoitianta le cluinstin fosta ar n\u00f3s \u2018\u00c9ilis Nic Dhiarmada Rua\u2019 agus amhr\u00e1in d\u2019\u00e9isteoir\u00ed \u00f3ga ar n\u00f3s \u2018She Didn\u2019t Dance\u2019.<\/p>\n<h4><a href=\"http:\/\/www.anceathrupoili.com\/ga\/shop\/westward\/\">Westward &#8211; \u00c9il\u00eds Kennedy<\/a><\/h4>\n<p>Ceolt\u00f3ir binn as Iarthar Chiarra\u00ed \u00ed \u00c9il\u00eds N\u00ed Chinn\u00e9ide at\u00e1 i ndiaidh a tr\u00ed\u00fa ceirn\u00edn aonair Westward a eisi\u00faint. T\u00e1 aithne uirthi na laethanta seo mar leath den d\u00edsreach Lumi\u00e8re, i gcomhluadar Pauline Scanlon.<\/p>\n<p>T\u00e1 leagan br\u00edomhar, nua den seanamhr\u00e1n grinn \u2018An t\u00dall\u2019, a d\u2019fhoghlaim s\u00ed \u00f3na m\u00e1thair Edna N\u00ed Chinn\u00e9ide, chomh maith le \u2018P\u00e9 in \u00c9irinn \u00cd\u2019 \u00f3n fhile Uilliam Dall Ua hEarn\u00e1in. T\u00e1 scr\u00edbhneoireacht cheoil \u00c9il\u00eds le cluinstin ar Westward ar an s\u00e1ramhr\u00e1n \u00e1lainn \u2018The Flannel Red\u2019, chomh maith le ceann d\u2019amhr\u00e1in mh\u00f3ra na hAlban, \u2018Cail\u00edn Mo R\u00fan-sa\u2019.<\/p>\n<h4><a href=\"http:\/\/www.anceathrupoili.com\/ga\/shop\/na-mooneys-cd\/\">Na Mooneys &#8211; Na Mooneys<\/a><\/h4>\n<p>T\u00e1 sloinne chlann U\u00ed Mhaonaigh ar comhchiall le ceol aduaidh na t\u00edre seo. T\u00e1 cl\u00fa ar Mhair\u00e9ad N\u00ed Mhaonaigh mar cheolt\u00f3ir agus fidl\u00e9ir leis an ghr\u00fapa Altan. Sular bhunaigh Mair\u00e9ad Altan leis an Fheirsteach Frankie Kennedy, bh\u00ed s\u00ed ina ball de Ragairne i dteannta a dearth\u00e1r Gear\u00f3id agus Conallach eile, Enya. Ar an cheirn\u00edn seo t\u00e1 Anna N\u00ed Mhaonaigh le cluinstin, \u00ed f\u00e9in ina ball den ghr\u00fapa Macalla le Seosaimh\u00edn N\u00ed Bheaglaoich, agus an fidl\u00e9ir Ciar\u00e1n \u00d3 Maonaigh \u00f3n ghr\u00fapa Fidil, mac Ghear\u00f3id.<\/p>\n<p>T\u00e1 guth Nia, in\u00edon Mhair\u00e9ad le cluinstin, chomh maith le huirlis\u00ed \u00e9ags\u00fala Manus Lunny, a l\u00e9irigh an t-albam. Ceann de bhuachphoint\u00ed Na Mooneys n\u00e1 \u2018A \u00d3ganaigh \u00d3ig\u2019 agus fonn nuachumtha leis, agus D\u00f3nal na Geala\u00ed faoi sti\u00fair ghl\u00f3r Anna N\u00ed Mhaonaigh.<\/p>\n<h4><a href=\"http:\/\/www.anceathrupoili.com\/ga\/shop\/lonesome-george\/\">Lonesome George &#8211; Lonesome George<\/a><\/h4>\n<p>Thosaigh Lonesome George mar ghr\u00fapa i dteach t\u00e1bhairne an Sunflower ar Shr\u00e1id Union i gcathair Bh\u00e9al Feirste. Le gl\u00f3rtha\u00ed, olldord, giot\u00e1ir, fidle, bodhr\u00e1n agus bainse\u00f3 sa mheasc\u00e1n, is tionscnamh ar leith \u00e9 seo l\u00e1n d\u2019amhr\u00e1in nuachumtha agus foinn athch\u00f3irithe.<\/p>\n<p>T\u00e1 c\u00f3iri\u00fach\u00e1in aisteacha, \u00e1thasacha ann spreagtha ag damhsa\u00ed Gi\u00fadacha, agus ceol Calypso Mhuir Chairib \u00f3 dhearcadh na gceolt\u00f3ir\u00ed traidisi\u00fanta.<\/p>\n<h4><a href=\"http:\/\/www.anceathrupoili.com\/ga\/shop\/mo-chaman-ban-cd\/\">Mo Cham\u00e1n B\u00e1n &#8211; \u00c9amonn \u00d3 Faog\u00e1in<\/a><\/h4>\n<p>Duine de phearsana m\u00f3ra Bh\u00e9al Feirste, bh\u00ed comhghr\u00e1 ag \u00c9amonn \u00d3 Faog\u00e1in don cheol agus don iom\u00e1na\u00edocht. Bh\u00ed \u00c9amonn M\u00f3r mar bhall ceannr\u00f3da\u00edoch de Ch\u00f3r Aifreann Feirste agus mar sti\u00farth\u00f3ir ceoil acu ar feadh breis is 30 bliain.<\/p>\n<p>C\u00e9 gur \u00e9ag \u00c9amonn anuraidh, t\u00e1 st\u00f3r amhr\u00e1n luachmhar f\u00e1gtha ina dhiaidh aige. Is taisce amhr\u00e1n Gaeilge agus B\u00e9arla faoin iom\u00e1na\u00edocht \u00e9 Mo Cham\u00e1n B\u00e1n agus guth binn an fhir mh\u00f3ir f\u00e9in le cluinstin ann.<\/p>\n<h4><a href=\"http:\/\/www.anceathrupoili.com\/ga\/shop\/turrys-cd\/\">Turrys &#8211; Ruth Keggin<\/a><\/h4>\n<p>Is as Oile\u00e1n Mhanann Ruth Keggin a bhfuil dh\u00e1 cheirn\u00edn i nGaeilge Mhanann eisithe aici. T\u00e1 s\u00ed fosta ina ball den ghr\u00fapa \u2018Aon Teanga\u2019 in \u00e9ineacht le Mary Ann Kennedy (G\u00e0idhlig) agus Eoghan \u00d3 Ceannabh\u00e1in (Gaeilge).<\/p>\n<p>Is f\u00e9idir cos\u00falachta\u00ed agus difr\u00edochta\u00ed idir \u00e1r nGaeilge f\u00e9in agus Gaeilge Mhanann a chluinstin agus an st\u00edl faoi leith at\u00e1 ag Ruth agus ceolt\u00f3ir\u00ed t\u00edre an oile\u00e1in. Beidh aithne ar Ghaeilgeoir\u00ed ar \u2018Ushag Varrey\u2019 (taifeadta ag \u00c9amonn \u00d3 Faog\u00e1in agus Gr\u00e1inne Holland), agus seans ann c\u00fapla focal Mhanainnise a fhoghlaim \u00f3n cheirn\u00edn \u00e1lainn seo.<\/p>\n<h4><a href=\"http:\/\/www.anceathrupoili.com\/ga\/shop\/modal-citizen-cd\/\">Modal Citizen &#8211; Josie Nugent<\/a><\/h4>\n<p>Is as an Chl\u00e1r do Josie Nugent a bhfuil c\u00f3na\u00ed anois uirthi i mB\u00e9al Feirste lena fear c\u00e9ile, an p\u00edobaire Brian Stafford. I ndiaidh di c\u00fapla albam a thaifeadadh lena fear c\u00e9ile agus lena deirfi\u00far Mary, d\u2019eisigh Josie a c\u00e9ad cheirn\u00edn aonair, Modal Citizen, anuraidh.<\/p>\n<p>Is baili\u00fach\u00e1n d\u2019fhoinn as an Chl\u00e1r, as tuaisceart na h\u00c9ireann, as Sasana agus as an tSualainn at\u00e1 ar an cheirn\u00edn seo, le veidhl\u00edn ochtach, fidil Stroh agus pian\u00f3 st\u00e1itse MK1 le cluinstin air. I gcomhluadar Josie t\u00e1 na s\u00e1rcheolt\u00f3ir\u00ed Mary Nugent, Nigel agus Dianne Boullier, Geordie McAdam, Alan Burke, Sean O\u2019Donnell, S\u00e9amus O\u2019Kane agus Mark Wilson.<\/p>\n<h4><a href=\"http:\/\/www.anceathrupoili.com\/ga\/shop\/north-cd\/\">North &#8211; Conor Caldwell agus Danny Diamond<\/a><\/h4>\n<p>Is fidl\u00e9ir\u00ed Feirsteacha iad Conor Caldwell agus Danny Diamond a bhfuil c\u00e1il bainte amach acu mar bhaill de ghr\u00fapa\u00ed \u00e9ags\u00fala. Thaifead siad \u2018North\u2019 i sti\u00faideo Thaisce Cheol D\u00fachais \u00c9ireann i mBaile \u00c1tha Cliath.<\/p>\n<p>Is l\u00e9acht\u00f3ir \u00e9 Conor i Roinn na nEala\u00edon Cruthaitheach in Ollscoil na R\u00edona. T\u00e1 Danny ina bhall de na gr\u00fapa\u00ed M\u00f3rga agus Slow Moving Clouds.<\/p>","protected":false},"excerpt":{"rendered":"","protected":false},"author":1,"featured_media":4722,"comment_status":"closed","ping_status":"closed","sticky":false,"template":"","format":"standard","meta":{"_acf_changed":false,"_relevanssi_hide_post":"","_relevanssi_hide_content":"","_relevanssi_pin_for_all":"","_relevanssi_pin_keywords":"","_relevanssi_unpin_keywords":"","_relevanssi_related_keywords":"","_relevanssi_related_include_ids":"","_relevanssi_related_exclude_ids":"","_relevanssi_related_no_append":"","_relevanssi_related_not_related":"","_relevanssi_related_posts":"","_relevanssi_noindex_reason":"","footnotes":""},"categories":[97],"tags":[],"class_list":["post-21528","post","type-post","status-publish","format-standard","has-post-thumbnail","hentry","category-news"],"acf":[],"yoast_head":"<!-- This site is optimized with the Yoast SEO plugin v27.4 - https:\/\/yoast.com\/product\/yoast-seo-wordpress\/ -->\n<title>Music Month at An Ceathr\u00fa P\u00f3il\u00ed \u2013 the albums. - An Ceathr\u00fa P\u00f3il\u00ed<\/title>\n<meta name=\"robots\" content=\"index, follow, max-snippet:-1, max-image-preview:large, max-video-preview:-1\" \/>\n<link rel=\"canonical\" href=\"https:\/\/www.anceathrupoili.com\/ga\/music-month\/\" \/>\n<meta property=\"og:locale\" content=\"ga_IE\" \/>\n<meta property=\"og:type\" content=\"article\" \/>\n<meta property=\"og:title\" content=\"Music Month at An Ceathr\u00fa P\u00f3il\u00ed \u2013 the albums. - An Ceathr\u00fa P\u00f3il\u00ed\" \/>\n<meta property=\"og:url\" content=\"https:\/\/www.anceathrupoili.com\/ga\/music-month\/\" \/>\n<meta property=\"og:site_name\" content=\"An Ceathr\u00fa P\u00f3il\u00ed\" \/>\n<meta property=\"article:published_time\" content=\"2017-03-10T14:45:13+00:00\" \/>\n<meta property=\"article:modified_time\" content=\"2026-02-04T09:29:16+00:00\" \/>\n<meta property=\"og:image\" content=\"https:\/\/www.anceathrupoili.com\/wp-content\/uploads\/2024\/02\/3940.jpg\" \/>\n\t<meta property=\"og:image:width\" content=\"193\" \/>\n\t<meta property=\"og:image:height\" content=\"280\" \/>\n\t<meta property=\"og:image:type\" content=\"image\/jpeg\" \/>\n<meta name=\"author\" content=\"Robbi\" \/>\n<meta name=\"twitter:card\" content=\"summary_large_image\" \/>\n<meta name=\"twitter:label1\" content=\"Written by\" \/>\n\t<meta name=\"twitter:data1\" content=\"Robbi\" \/>\n\t<meta name=\"twitter:label2\" content=\"Est. reading time\" \/>\n\t<meta name=\"twitter:data2\" content=\"11 minutes\" \/>\n<script type=\"application\/ld+json\" class=\"yoast-schema-graph\">{\"@context\":\"https:\\\/\\\/schema.org\",\"@graph\":[{\"@type\":\"Article\",\"@id\":\"https:\\\/\\\/www.anceathrupoili.com\\\/music-month\\\/#article\",\"isPartOf\":{\"@id\":\"https:\\\/\\\/www.anceathrupoili.com\\\/music-month\\\/\"},\"author\":{\"name\":\"Robbi\",\"@id\":\"https:\\\/\\\/www.anceathrupoili.com\\\/#\\\/schema\\\/person\\\/a374895d1fc62ec252e38b3e254d7a7d\"},\"headline\":\"Music Month at An Ceathr\u00fa P\u00f3il\u00ed \u2013 the albums.\",\"datePublished\":\"2017-03-10T14:45:13+00:00\",\"dateModified\":\"2026-02-04T09:29:16+00:00\",\"mainEntityOfPage\":{\"@id\":\"https:\\\/\\\/www.anceathrupoili.com\\\/music-month\\\/\"},\"wordCount\":2617,\"publisher\":{\"@id\":\"https:\\\/\\\/www.anceathrupoili.com\\\/#organization\"},\"image\":{\"@id\":\"https:\\\/\\\/www.anceathrupoili.com\\\/music-month\\\/#primaryimage\"},\"thumbnailUrl\":\"https:\\\/\\\/www.anceathrupoili.com\\\/wp-content\\\/uploads\\\/2024\\\/02\\\/3940.jpg\",\"articleSection\":[\"News\"],\"inLanguage\":\"ga-IE\"},{\"@type\":\"WebPage\",\"@id\":\"https:\\\/\\\/www.anceathrupoili.com\\\/music-month\\\/\",\"url\":\"https:\\\/\\\/www.anceathrupoili.com\\\/music-month\\\/\",\"name\":\"Music Month at An Ceathr\u00fa P\u00f3il\u00ed \u2013 the albums. - An Ceathr\u00fa P\u00f3il\u00ed\",\"isPartOf\":{\"@id\":\"https:\\\/\\\/www.anceathrupoili.com\\\/#website\"},\"primaryImageOfPage\":{\"@id\":\"https:\\\/\\\/www.anceathrupoili.com\\\/music-month\\\/#primaryimage\"},\"image\":{\"@id\":\"https:\\\/\\\/www.anceathrupoili.com\\\/music-month\\\/#primaryimage\"},\"thumbnailUrl\":\"https:\\\/\\\/www.anceathrupoili.com\\\/wp-content\\\/uploads\\\/2024\\\/02\\\/3940.jpg\",\"datePublished\":\"2017-03-10T14:45:13+00:00\",\"dateModified\":\"2026-02-04T09:29:16+00:00\",\"breadcrumb\":{\"@id\":\"https:\\\/\\\/www.anceathrupoili.com\\\/music-month\\\/#breadcrumb\"},\"inLanguage\":\"ga-IE\",\"potentialAction\":[{\"@type\":\"ReadAction\",\"target\":[\"https:\\\/\\\/www.anceathrupoili.com\\\/music-month\\\/\"]}]},{\"@type\":\"ImageObject\",\"inLanguage\":\"ga-IE\",\"@id\":\"https:\\\/\\\/www.anceathrupoili.com\\\/music-month\\\/#primaryimage\",\"url\":\"https:\\\/\\\/www.anceathrupoili.com\\\/wp-content\\\/uploads\\\/2024\\\/02\\\/3940.jpg\",\"contentUrl\":\"https:\\\/\\\/www.anceathrupoili.com\\\/wp-content\\\/uploads\\\/2024\\\/02\\\/3940.jpg\",\"width\":193,\"height\":280},{\"@type\":\"BreadcrumbList\",\"@id\":\"https:\\\/\\\/www.anceathrupoili.com\\\/music-month\\\/#breadcrumb\",\"itemListElement\":[{\"@type\":\"ListItem\",\"position\":1,\"name\":\"Home\",\"item\":\"https:\\\/\\\/www.anceathrupoili.com\\\/\"},{\"@type\":\"ListItem\",\"position\":2,\"name\":\"Music Month at An Ceathr\u00fa P\u00f3il\u00ed \u2013 the albums.\"}]},{\"@type\":\"WebSite\",\"@id\":\"https:\\\/\\\/www.anceathrupoili.com\\\/#website\",\"url\":\"https:\\\/\\\/www.anceathrupoili.com\\\/\",\"name\":\"An Ceathr\u00fa P\u00f3il\u00ed\",\"description\":\"Belfast&#039;s Irish Language Bookshop\",\"publisher\":{\"@id\":\"https:\\\/\\\/www.anceathrupoili.com\\\/#organization\"},\"potentialAction\":[{\"@type\":\"SearchAction\",\"target\":{\"@type\":\"EntryPoint\",\"urlTemplate\":\"https:\\\/\\\/www.anceathrupoili.com\\\/?s={search_term_string}\"},\"query-input\":{\"@type\":\"PropertyValueSpecification\",\"valueRequired\":true,\"valueName\":\"search_term_string\"}}],\"inLanguage\":\"ga-IE\"},{\"@type\":\"Organization\",\"@id\":\"https:\\\/\\\/www.anceathrupoili.com\\\/#organization\",\"name\":\"An Ceathr\u00fa P\u00f3il\u00ed\",\"url\":\"https:\\\/\\\/www.anceathrupoili.com\\\/\",\"logo\":{\"@type\":\"ImageObject\",\"inLanguage\":\"ga-IE\",\"@id\":\"https:\\\/\\\/www.anceathrupoili.com\\\/#\\\/schema\\\/logo\\\/image\\\/\",\"url\":\"https:\\\/\\\/www.anceathrupoili.com\\\/wp-content\\\/uploads\\\/2024\\\/03\\\/Books-logo-names-01.svg\",\"contentUrl\":\"https:\\\/\\\/www.anceathrupoili.com\\\/wp-content\\\/uploads\\\/2024\\\/03\\\/Books-logo-names-01.svg\",\"width\":1,\"height\":1,\"caption\":\"An Ceathr\u00fa P\u00f3il\u00ed\"},\"image\":{\"@id\":\"https:\\\/\\\/www.anceathrupoili.com\\\/#\\\/schema\\\/logo\\\/image\\\/\"}},{\"@type\":\"Person\",\"@id\":\"https:\\\/\\\/www.anceathrupoili.com\\\/#\\\/schema\\\/person\\\/a374895d1fc62ec252e38b3e254d7a7d\",\"name\":\"Robbi\",\"image\":{\"@type\":\"ImageObject\",\"inLanguage\":\"ga-IE\",\"@id\":\"https:\\\/\\\/secure.gravatar.com\\\/avatar\\\/f195f52dc6198cda1da2aca3c3e31dd09ea3e6f62c50b260c12c9269fadb9677?s=96&d=mm&r=g\",\"url\":\"https:\\\/\\\/secure.gravatar.com\\\/avatar\\\/f195f52dc6198cda1da2aca3c3e31dd09ea3e6f62c50b260c12c9269fadb9677?s=96&d=mm&r=g\",\"contentUrl\":\"https:\\\/\\\/secure.gravatar.com\\\/avatar\\\/f195f52dc6198cda1da2aca3c3e31dd09ea3e6f62c50b260c12c9269fadb9677?s=96&d=mm&r=g\",\"caption\":\"Robbi\"},\"sameAs\":[\"http:\\\/\\\/www.anceathrupoili.com\"],\"url\":\"https:\\\/\\\/www.anceathrupoili.com\\\/ga\\\/author\\\/robbi\\\/\"}]}<\/script>\n<!-- \/ Yoast SEO plugin. -->","yoast_head_json":{"title":"Music Month at An Ceathr\u00fa P\u00f3il\u00ed \u2013 the albums. - An Ceathr\u00fa P\u00f3il\u00ed","robots":{"index":"index","follow":"follow","max-snippet":"max-snippet:-1","max-image-preview":"max-image-preview:large","max-video-preview":"max-video-preview:-1"},"canonical":"https:\/\/www.anceathrupoili.com\/ga\/music-month\/","og_locale":"ga_IE","og_type":"article","og_title":"Music Month at An Ceathr\u00fa P\u00f3il\u00ed \u2013 the albums. - An Ceathr\u00fa P\u00f3il\u00ed","og_url":"https:\/\/www.anceathrupoili.com\/ga\/music-month\/","og_site_name":"An Ceathr\u00fa P\u00f3il\u00ed","article_published_time":"2017-03-10T14:45:13+00:00","article_modified_time":"2026-02-04T09:29:16+00:00","og_image":[{"width":193,"height":280,"url":"https:\/\/www.anceathrupoili.com\/wp-content\/uploads\/2024\/02\/3940.jpg","type":"image\/jpeg"}],"author":"Robbi","twitter_card":"summary_large_image","twitter_misc":{"Written by":"Robbi","Est. reading time":"11 minutes"},"schema":{"@context":"https:\/\/schema.org","@graph":[{"@type":"Article","@id":"https:\/\/www.anceathrupoili.com\/music-month\/#article","isPartOf":{"@id":"https:\/\/www.anceathrupoili.com\/music-month\/"},"author":{"name":"Robbi","@id":"https:\/\/www.anceathrupoili.com\/#\/schema\/person\/a374895d1fc62ec252e38b3e254d7a7d"},"headline":"Music Month at An Ceathr\u00fa P\u00f3il\u00ed \u2013 the albums.","datePublished":"2017-03-10T14:45:13+00:00","dateModified":"2026-02-04T09:29:16+00:00","mainEntityOfPage":{"@id":"https:\/\/www.anceathrupoili.com\/music-month\/"},"wordCount":2617,"publisher":{"@id":"https:\/\/www.anceathrupoili.com\/#organization"},"image":{"@id":"https:\/\/www.anceathrupoili.com\/music-month\/#primaryimage"},"thumbnailUrl":"https:\/\/www.anceathrupoili.com\/wp-content\/uploads\/2024\/02\/3940.jpg","articleSection":["News"],"inLanguage":"ga-IE"},{"@type":"WebPage","@id":"https:\/\/www.anceathrupoili.com\/music-month\/","url":"https:\/\/www.anceathrupoili.com\/music-month\/","name":"Music Month at An Ceathr\u00fa P\u00f3il\u00ed \u2013 the albums. - An Ceathr\u00fa P\u00f3il\u00ed","isPartOf":{"@id":"https:\/\/www.anceathrupoili.com\/#website"},"primaryImageOfPage":{"@id":"https:\/\/www.anceathrupoili.com\/music-month\/#primaryimage"},"image":{"@id":"https:\/\/www.anceathrupoili.com\/music-month\/#primaryimage"},"thumbnailUrl":"https:\/\/www.anceathrupoili.com\/wp-content\/uploads\/2024\/02\/3940.jpg","datePublished":"2017-03-10T14:45:13+00:00","dateModified":"2026-02-04T09:29:16+00:00","breadcrumb":{"@id":"https:\/\/www.anceathrupoili.com\/music-month\/#breadcrumb"},"inLanguage":"ga-IE","potentialAction":[{"@type":"ReadAction","target":["https:\/\/www.anceathrupoili.com\/music-month\/"]}]},{"@type":"ImageObject","inLanguage":"ga-IE","@id":"https:\/\/www.anceathrupoili.com\/music-month\/#primaryimage","url":"https:\/\/www.anceathrupoili.com\/wp-content\/uploads\/2024\/02\/3940.jpg","contentUrl":"https:\/\/www.anceathrupoili.com\/wp-content\/uploads\/2024\/02\/3940.jpg","width":193,"height":280},{"@type":"BreadcrumbList","@id":"https:\/\/www.anceathrupoili.com\/music-month\/#breadcrumb","itemListElement":[{"@type":"ListItem","position":1,"name":"Home","item":"https:\/\/www.anceathrupoili.com\/"},{"@type":"ListItem","position":2,"name":"Music Month at An Ceathr\u00fa P\u00f3il\u00ed \u2013 the albums."}]},{"@type":"WebSite","@id":"https:\/\/www.anceathrupoili.com\/#website","url":"https:\/\/www.anceathrupoili.com\/","name":"An Ceathr\u00fa P\u00f3il\u00ed","description":"Belfast&#039;s Irish Language Bookshop","publisher":{"@id":"https:\/\/www.anceathrupoili.com\/#organization"},"potentialAction":[{"@type":"SearchAction","target":{"@type":"EntryPoint","urlTemplate":"https:\/\/www.anceathrupoili.com\/?s={search_term_string}"},"query-input":{"@type":"PropertyValueSpecification","valueRequired":true,"valueName":"search_term_string"}}],"inLanguage":"ga-IE"},{"@type":"Organization","@id":"https:\/\/www.anceathrupoili.com\/#organization","name":"An Ceathr\u00fa P\u00f3il\u00ed","url":"https:\/\/www.anceathrupoili.com\/","logo":{"@type":"ImageObject","inLanguage":"ga-IE","@id":"https:\/\/www.anceathrupoili.com\/#\/schema\/logo\/image\/","url":"https:\/\/www.anceathrupoili.com\/wp-content\/uploads\/2024\/03\/Books-logo-names-01.svg","contentUrl":"https:\/\/www.anceathrupoili.com\/wp-content\/uploads\/2024\/03\/Books-logo-names-01.svg","width":1,"height":1,"caption":"An Ceathr\u00fa P\u00f3il\u00ed"},"image":{"@id":"https:\/\/www.anceathrupoili.com\/#\/schema\/logo\/image\/"}},{"@type":"Person","@id":"https:\/\/www.anceathrupoili.com\/#\/schema\/person\/a374895d1fc62ec252e38b3e254d7a7d","name":"Robbi","image":{"@type":"ImageObject","inLanguage":"ga-IE","@id":"https:\/\/secure.gravatar.com\/avatar\/f195f52dc6198cda1da2aca3c3e31dd09ea3e6f62c50b260c12c9269fadb9677?s=96&d=mm&r=g","url":"https:\/\/secure.gravatar.com\/avatar\/f195f52dc6198cda1da2aca3c3e31dd09ea3e6f62c50b260c12c9269fadb9677?s=96&d=mm&r=g","contentUrl":"https:\/\/secure.gravatar.com\/avatar\/f195f52dc6198cda1da2aca3c3e31dd09ea3e6f62c50b260c12c9269fadb9677?s=96&d=mm&r=g","caption":"Robbi"},"sameAs":["http:\/\/www.anceathrupoili.com"],"url":"https:\/\/www.anceathrupoili.com\/ga\/author\/robbi\/"}]}},"_links":{"self":[{"href":"https:\/\/www.anceathrupoili.com\/ga\/wp-json\/wp\/v2\/posts\/21528","targetHints":{"allow":["GET"]}}],"collection":[{"href":"https:\/\/www.anceathrupoili.com\/ga\/wp-json\/wp\/v2\/posts"}],"about":[{"href":"https:\/\/www.anceathrupoili.com\/ga\/wp-json\/wp\/v2\/types\/post"}],"author":[{"embeddable":true,"href":"https:\/\/www.anceathrupoili.com\/ga\/wp-json\/wp\/v2\/users\/1"}],"replies":[{"embeddable":true,"href":"https:\/\/www.anceathrupoili.com\/ga\/wp-json\/wp\/v2\/comments?post=21528"}],"version-history":[{"count":1,"href":"https:\/\/www.anceathrupoili.com\/ga\/wp-json\/wp\/v2\/posts\/21528\/revisions"}],"predecessor-version":[{"id":44635,"href":"https:\/\/www.anceathrupoili.com\/ga\/wp-json\/wp\/v2\/posts\/21528\/revisions\/44635"}],"wp:featuredmedia":[{"embeddable":true,"href":"https:\/\/www.anceathrupoili.com\/ga\/wp-json\/wp\/v2\/media\/4722"}],"wp:attachment":[{"href":"https:\/\/www.anceathrupoili.com\/ga\/wp-json\/wp\/v2\/media?parent=21528"}],"wp:term":[{"taxonomy":"category","embeddable":true,"href":"https:\/\/www.anceathrupoili.com\/ga\/wp-json\/wp\/v2\/categories?post=21528"},{"taxonomy":"post_tag","embeddable":true,"href":"https:\/\/www.anceathrupoili.com\/ga\/wp-json\/wp\/v2\/tags?post=21528"}],"curies":[{"name":"wp","href":"https:\/\/api.w.org\/{rel}","templated":true}]}}